{"id":54187,"date":"2023-07-18T19:56:02","date_gmt":"2023-07-18T17:56:02","guid":{"rendered":"https:\/\/www.montlingua.com\/?p=54187"},"modified":"2024-07-29T13:05:19","modified_gmt":"2024-07-29T11:05:19","slug":"curs-2024-2025-2","status":"publish","type":"post","link":"https:\/\/www.montlingua.com\/index.php\/2023\/07\/18\/curs-2024-2025-2\/","title":{"rendered":"CURS 2024-2025"},"content":{"rendered":"<p>Benvingudes fam\u00edlies,<\/p>\n<p>&nbsp;<\/p>\n<p>us informem que el curs 2024-2025 s&#8217;iniciar\u00e0 el pr\u00f2xim 9 de setembre. Rebreu un recordatori dels horaris dels vostres fill\/es a partir de dimarts 27 d&#8217;agost de 2023 (quan reobrim secretaria despr\u00e9s de les vacances d&#8217;estiu).<\/p>\n<p>Aquest any, seguint la iniciativa que v\u00e0rem comen\u00e7ar en el curs anterior, ens hem assegurat que tots els alumnes facin el mateix n\u00famero d&#8217;hores anuals (de setembre a juny), independentment de quan caiguin els festius i, \u00f2bviament, tenient en compte si s\u00f3n grups d&#8217;1 hora setmanal, 1,5h o 2h. Aix\u00ed doncs, contactarem amb els grups en q\u00fcesti\u00f3 per asignar les sessions necess\u00e0ries per igualar el c\u00f2mput anual d&#8217;hores.<\/p>\n<p>Aquest curs marca el 10\u00e8 aniversari de la nostra escola i us volem comunicar de part de tot l&#8217;equip la nostra immensa gratitud per la confian\u00e7a dipositava. Com a projecte emprenedor, els inicis no van ser f\u00e0cils i any rere any s&#8217;ha treballat durament per millorar en aquells aspectes millorables, per\u00f2 el que est\u00e0 clar \u00e9s que no seguiriem endavant si no fos per les families que ens donen suport. Moltes gr\u00e0cies, \u00e9s un honor poder acompanyar-vos en l&#8217;aventura d&#8217;aprendre!<\/p>\n<p>&nbsp;<\/p>\n<p>L&#8217;equip de Montlingua<\/p>\n","protected":false},"excerpt":{"rendered":"<p>Benvingudes fam\u00edlies, &nbsp; us informem que el curs 2024-2025 s&#8217;iniciar\u00e0 el pr\u00f2xim 9 de setembre. Rebreu un recordatori dels horaris dels vostres fill\/es a partir de dimarts 27 d&#8217;agost de 2023 (quan reobrim secretaria despr\u00e9s de les vacances d&#8217;estiu). Aquest any, seguint la iniciativa que v\u00e0rem comen\u00e7ar en el curs anterior, ens hem assegurat que&hellip;<\/p>\n","protected":false},"author":1,"featured_media":54200,"comment_status":"open","ping_status":"open","sticky":false,"template":"","format":"standard","meta":[],"categories":[189],"tags":[],"yoast_head":"<!-- This site is optimized with the Yoast SEO plugin v15.7 - https:\/\/yoast.com\/wordpress\/plugins\/seo\/ -->\n<title>CURS 2024-2025 - Montlingua<\/title>\n<meta name=\"robots\" content=\"index, follow, max-snippet:-1, max-image-preview:large, max-video-preview:-1\" \/>\n<link rel=\"canonical\" href=\"https:\/\/www.montlingua.com\/index.php\/2023\/07\/18\/curs-2024-2025-2\/\" \/>\n<meta property=\"og:locale\" content=\"ca_ES\" \/>\n<meta property=\"og:type\" content=\"article\" \/>\n<meta property=\"og:title\" content=\"CURS 2024-2025 - Montlingua\" \/>\n<meta property=\"og:description\" content=\"Benvingudes fam\u00edlies, &nbsp; us informem que el curs 2024-2025 s&#8217;iniciar\u00e0 el pr\u00f2xim 9 de setembre. Rebreu un recordatori dels horaris dels vostres fill\/es a partir de dimarts 27 d&#8217;agost de 2023 (quan reobrim secretaria despr\u00e9s de les vacances d&#8217;estiu). Aquest any, seguint la iniciativa que v\u00e0rem comen\u00e7ar en el curs anterior, ens hem assegurat que&hellip;\" \/>\n<meta property=\"og:url\" content=\"https:\/\/www.montlingua.com\/index.php\/2023\/07\/18\/curs-2024-2025-2\/\" \/>\n<meta property=\"og:site_name\" content=\"Montlingua\" \/>\n<meta property=\"article:publisher\" content=\"https:\/\/www.facebook.com\/montlingua\" \/>\n<meta property=\"article:published_time\" content=\"2023-07-18T17:56:02+00:00\" \/>\n<meta property=\"article:modified_time\" content=\"2024-07-29T11:05:19+00:00\" \/>\n<meta property=\"og:image\" content=\"https:\/\/www.montlingua.com\/wp-content\/uploads\/2023\/07\/Inici-curs-2023-2024.png\" \/>\n\t<meta property=\"og:image:width\" content=\"1080\" \/>\n\t<meta property=\"og:image:height\" content=\"1080\" \/>\n<meta name=\"twitter:card\" content=\"summary_large_image\" \/>\n<meta name=\"twitter:label1\" content=\"Temps estimat de lectura\">\n\t<meta name=\"twitter:data1\" content=\"1 minut\">\n<script type=\"application\/ld+json\" class=\"yoast-schema-graph\">{\"@context\":\"https:\/\/schema.org\",\"@graph\":[{\"@type\":\"WebSite\",\"@id\":\"https:\/\/www.montlingua.com\/#website\",\"url\":\"https:\/\/www.montlingua.com\/\",\"name\":\"Montlingua\",\"description\":\"Una acad\\u00e8mia d&#039;angl\\u00e8s propera i de confian\\u00e7a\",\"potentialAction\":[{\"@type\":\"SearchAction\",\"target\":\"https:\/\/www.montlingua.com\/?s={search_term_string}\",\"query-input\":\"required name=search_term_string\"}],\"inLanguage\":\"ca\"},{\"@type\":\"ImageObject\",\"@id\":\"https:\/\/www.montlingua.com\/index.php\/2023\/07\/18\/curs-2024-2025-2\/#primaryimage\",\"inLanguage\":\"ca\",\"url\":\"https:\/\/www.montlingua.com\/wp-content\/uploads\/2023\/07\/Inici-curs-2023-2024.png\",\"width\":1080,\"height\":1080},{\"@type\":\"WebPage\",\"@id\":\"https:\/\/www.montlingua.com\/index.php\/2023\/07\/18\/curs-2024-2025-2\/#webpage\",\"url\":\"https:\/\/www.montlingua.com\/index.php\/2023\/07\/18\/curs-2024-2025-2\/\",\"name\":\"CURS 2024-2025 - Montlingua\",\"isPartOf\":{\"@id\":\"https:\/\/www.montlingua.com\/#website\"},\"primaryImageOfPage\":{\"@id\":\"https:\/\/www.montlingua.com\/index.php\/2023\/07\/18\/curs-2024-2025-2\/#primaryimage\"},\"datePublished\":\"2023-07-18T17:56:02+00:00\",\"dateModified\":\"2024-07-29T11:05:19+00:00\",\"author\":{\"@id\":\"https:\/\/www.montlingua.com\/#\/schema\/person\/3b01d9e324e1d7f1b1147018b7af908c\"},\"inLanguage\":\"ca\",\"potentialAction\":[{\"@type\":\"ReadAction\",\"target\":[\"https:\/\/www.montlingua.com\/index.php\/2023\/07\/18\/curs-2024-2025-2\/\"]}]},{\"@type\":\"Person\",\"@id\":\"https:\/\/www.montlingua.com\/#\/schema\/person\/3b01d9e324e1d7f1b1147018b7af908c\",\"name\":\"admin\",\"image\":{\"@type\":\"ImageObject\",\"@id\":\"https:\/\/www.montlingua.com\/#personlogo\",\"inLanguage\":\"ca\",\"url\":\"https:\/\/secure.gravatar.com\/avatar\/27afe984eb003dcfe5013cd6102cc99a?s=96&d=mm&r=g\",\"caption\":\"admin\"}}]}<\/script>\n<!-- \/ Yoast SEO plugin. -->","_links":{"self":[{"href":"https:\/\/www.montlingua.com\/index.php\/wp-json\/wp\/v2\/posts\/54187"}],"collection":[{"href":"https:\/\/www.montlingua.com\/index.php\/wp-json\/wp\/v2\/posts"}],"about":[{"href":"https:\/\/www.montlingua.com\/index.php\/wp-json\/wp\/v2\/types\/post"}],"author":[{"embeddable":true,"href":"https:\/\/www.montlingua.com\/index.php\/wp-json\/wp\/v2\/users\/1"}],"replies":[{"embeddable":true,"href":"https:\/\/www.montlingua.com\/index.php\/wp-json\/wp\/v2\/comments?post=54187"}],"version-history":[{"count":5,"href":"https:\/\/www.montlingua.com\/index.php\/wp-json\/wp\/v2\/posts\/54187\/revisions"}],"predecessor-version":[{"id":54199,"href":"https:\/\/www.montlingua.com\/index.php\/wp-json\/wp\/v2\/posts\/54187\/revisions\/54199"}],"wp:featuredmedia":[{"embeddable":true,"href":"https:\/\/www.montlingua.com\/index.php\/wp-json\/wp\/v2\/media\/54200"}],"wp:attachment":[{"href":"https:\/\/www.montlingua.com\/index.php\/wp-json\/wp\/v2\/media?parent=54187"}],"wp:term":[{"taxonomy":"category","embeddable":true,"href":"https:\/\/www.montlingua.com\/index.php\/wp-json\/wp\/v2\/categories?post=54187"},{"taxonomy":"post_tag","embeddable":true,"href":"https:\/\/www.montlingua.com\/index.php\/wp-json\/wp\/v2\/tags?post=54187"}],"curies":[{"name":"wp","href":"https:\/\/api.w.org\/{rel}","templated":true}]}}